{"id":3112,"date":"2012-05-29T13:11:00","date_gmt":"2012-05-29T11:11:00","guid":{"rendered":"https:\/\/www.einsamobile.de\/?p=3112"},"modified":"2023-08-04T13:11:13","modified_gmt":"2023-08-04T11:11:13","slug":"einsamobile-vermarktet-im-fachhandel-erste-discount-flatrate","status":"publish","type":"post","link":"https:\/\/einsamobile.de\/en\/presse-archiv\/einsamobile-vermarktet-im-fachhandel-erste-discount-flatrate\/","title":{"rendered":"einsAmobile markets first discount flat rate in specialist shops"},"content":{"rendered":"<p>The Obertshausen-based telecommunications distributor einsAmobile is adding the new Allnet-Flat tariff of the E-Plus brand blau.de to its range. From June 5, 2012, the mobile phone discounter's flat rate can also be booked in stationary retail outlets.<\/p>\n\n\n\n<p>In this way, einsAmobile enables its specialist retail partners to address customers who prefer direct contact with a salesperson in a store to ordering online. This is because the majority of end customers still attach great importance to personal advice when concluding a mobile phone contract.<\/p>\n\n\n\n<p>For EUR 19.90 per month, blau.de customers can make unlimited calls to all German mobile and landline networks and surf the Internet on their mobile phones. For data usage, 500 MB with unthrottled speed is available<\/p>\n\n\n\n<p>A valid blau-VO number is a prerequisite for specialist dealers. This can be applied for quickly and easily via einsAmobile. If you already have a current prepaid blau VO number, this is also valid for postpaid products.<\/p>\n\n\n\n<p>Further information on the new Allnet-Flat tariff and the blau-VO application is available to all interested retailers in the einsAmobile retailer portal at www.einsamobile.de and from your personal customer advisor.<\/p>\n\n\n\n<p><strong>Editorial contact: <\/strong><\/p>\n\n\n\n<p>Margaritha Kill<br>Marketing assistance<br>Phone +49 6104 \u2013 40 57 \u2013 46 <br>Fax +49 6104 \u2013 40 57 \u2013 78 <br>margaritha.kill@einsamobile.de<\/p>\n\n\n\n<p>einsAmobile GmbH <br>B\u00fcrgermeister-Mahr-Stra\u00dfe 2 <br>63179 Obertshausen<\/p>\n\n\n\n<hr class=\"wp-block-separator has-alpha-channel-opacity\"\/>\n\n\n\n<div style=\"height:20px\" aria-hidden=\"true\" class=\"wp-block-spacer\"><\/div>\n\n\n\n<div class=\"wp-block-file\"><a id=\"wp-block-file--media-d5c7bd99-7935-4510-a0c2-8f414944a200\" href=\"http:\/\/94.130.235.74\/wp-content\/uploads\/2023\/07\/PM_einsAmobile_Allnet_Flat_blau_de_0512.pdf\" target=\"_blank\" rel=\"noreferrer noopener\">Download \u2013 PDF<\/a><\/div>","protected":false},"excerpt":{"rendered":"<p>Der Obertshausener TK-Distributor einsAmobile nimmt den neuen Allnet-Flat Tarif der E-Plus-Marke blau.de ins Programm auf. Ab dem 05.06.2012 kann die Flatrate des Mobilfunkdiscounters auch im station\u00e4ren Handel gebucht werden. Damit erm\u00f6glicht einsAmobile ihren Fachhandelspartnern die Kunden anzusprechen, die dem direkten Kontakt zum Verk\u00e4ufer im Ladengesch\u00e4ft einer Online-Bestellung den Vorzug geben. Denn die Mehrheit der Endkunden &#8230; <a title=\"einsAmobile markets first discount flat rate in specialist shops\" class=\"read-more\" href=\"https:\/\/einsamobile.de\/en\/presse-archiv\/einsamobile-vermarktet-im-fachhandel-erste-discount-flatrate\/\" aria-label=\"Read more about einsAmobile vermarktet im Fachhandel erste Discount-Flatrate\">Read more<\/a><\/p>","protected":false},"author":1,"featured_media":0,"comment_status":"closed","ping_status":"open","sticky":false,"template":"","format":"standard","meta":{"footnotes":""},"categories":[7],"tags":[],"class_list":["post-3112","post","type-post","status-publish","format-standard","hentry","category-presse-archiv"],"yoast_head":"<!-- This site is optimized with the Yoast SEO plugin v27.5 - https:\/\/yoast.com\/product\/yoast-seo-wordpress\/ -->\n<title>einsAmobile vermarktet im Fachhandel erste Discount-Flatrate - einsAmobile.de<\/title>\n<meta name=\"robots\" content=\"noindex, follow\" \/>\n<meta property=\"og:locale\" content=\"en_US\" \/>\n<meta property=\"og:type\" content=\"article\" \/>\n<meta property=\"og:title\" content=\"einsAmobile vermarktet im Fachhandel erste Discount-Flatrate - einsAmobile.de\" \/>\n<meta property=\"og:description\" content=\"Der Obertshausener TK-Distributor einsAmobile nimmt den neuen Allnet-Flat Tarif der E-Plus-Marke blau.de ins Programm auf. Ab dem 05.06.2012 kann die Flatrate des Mobilfunkdiscounters auch im station\u00e4ren Handel gebucht werden. Damit erm\u00f6glicht einsAmobile ihren Fachhandelspartnern die Kunden anzusprechen, die dem direkten Kontakt zum Verk\u00e4ufer im Ladengesch\u00e4ft einer Online-Bestellung den Vorzug geben. Denn die Mehrheit der Endkunden ... Read more\" \/>\n<meta property=\"og:url\" content=\"https:\/\/einsamobile.de\/en\/presse-archiv\/einsamobile-vermarktet-im-fachhandel-erste-discount-flatrate\/\" \/>\n<meta property=\"og:site_name\" content=\"einsAmobile.de\" \/>\n<meta property=\"article:publisher\" content=\"https:\/\/www.facebook.com\/einsAmobile\/\" \/>\n<meta property=\"article:published_time\" content=\"2012-05-29T11:11:00+00:00\" \/>\n<meta property=\"article:modified_time\" content=\"2023-08-04T11:11:13+00:00\" \/>\n<meta name=\"author\" content=\"master\" \/>\n<meta name=\"twitter:card\" content=\"summary_large_image\" \/>\n<meta name=\"twitter:label1\" content=\"Written by\" \/>\n\t<meta name=\"twitter:data1\" content=\"master\" \/>\n\t<meta name=\"twitter:label2\" content=\"Est. reading time\" \/>\n\t<meta name=\"twitter:data2\" content=\"1 minute\" \/>\n<script type=\"application\/ld+json\" class=\"yoast-schema-graph\">{\"@context\":\"https:\\\/\\\/schema.org\",\"@graph\":[{\"@type\":\"Article\",\"@id\":\"https:\\\/\\\/einsamobile.de\\\/en\\\/presse-archiv\\\/einsamobile-vermarktet-im-fachhandel-erste-discount-flatrate\\\/#article\",\"isPartOf\":{\"@id\":\"https:\\\/\\\/einsamobile.de\\\/en\\\/presse-archiv\\\/einsamobile-vermarktet-im-fachhandel-erste-discount-flatrate\\\/\"},\"author\":{\"name\":\"master\",\"@id\":\"https:\\\/\\\/einsamobile.de\\\/en\\\/#\\\/schema\\\/person\\\/74ec51f0bf20740e9c5d5f85ba219abe\"},\"headline\":\"einsAmobile vermarktet im Fachhandel erste Discount-Flatrate\",\"datePublished\":\"2012-05-29T11:11:00+00:00\",\"dateModified\":\"2023-08-04T11:11:13+00:00\",\"mainEntityOfPage\":{\"@id\":\"https:\\\/\\\/einsamobile.de\\\/en\\\/presse-archiv\\\/einsamobile-vermarktet-im-fachhandel-erste-discount-flatrate\\\/\"},\"wordCount\":199,\"publisher\":{\"@id\":\"https:\\\/\\\/einsamobile.de\\\/en\\\/#organization\"},\"articleSection\":[\"Presse-Archiv\"],\"inLanguage\":\"en-US\"},{\"@type\":\"WebPage\",\"@id\":\"https:\\\/\\\/einsamobile.de\\\/en\\\/presse-archiv\\\/einsamobile-vermarktet-im-fachhandel-erste-discount-flatrate\\\/\",\"url\":\"https:\\\/\\\/einsamobile.de\\\/en\\\/presse-archiv\\\/einsamobile-vermarktet-im-fachhandel-erste-discount-flatrate\\\/\",\"name\":\"einsAmobile vermarktet im Fachhandel erste Discount-Flatrate - einsAmobile.de\",\"isPartOf\":{\"@id\":\"https:\\\/\\\/einsamobile.de\\\/en\\\/#website\"},\"datePublished\":\"2012-05-29T11:11:00+00:00\",\"dateModified\":\"2023-08-04T11:11:13+00:00\",\"breadcrumb\":{\"@id\":\"https:\\\/\\\/einsamobile.de\\\/en\\\/presse-archiv\\\/einsamobile-vermarktet-im-fachhandel-erste-discount-flatrate\\\/#breadcrumb\"},\"inLanguage\":\"en-US\",\"potentialAction\":[{\"@type\":\"ReadAction\",\"target\":[\"https:\\\/\\\/einsamobile.de\\\/en\\\/presse-archiv\\\/einsamobile-vermarktet-im-fachhandel-erste-discount-flatrate\\\/\"]}]},{\"@type\":\"BreadcrumbList\",\"@id\":\"https:\\\/\\\/einsamobile.de\\\/en\\\/presse-archiv\\\/einsamobile-vermarktet-im-fachhandel-erste-discount-flatrate\\\/#breadcrumb\",\"itemListElement\":[{\"@type\":\"ListItem\",\"position\":1,\"name\":\"Startseite\",\"item\":\"https:\\\/\\\/einsamobile.de\\\/en\\\/\"},{\"@type\":\"ListItem\",\"position\":2,\"name\":\"einsAmobile vermarktet im Fachhandel erste Discount-Flatrate\"}]},{\"@type\":\"WebSite\",\"@id\":\"https:\\\/\\\/einsamobile.de\\\/en\\\/#website\",\"url\":\"https:\\\/\\\/einsamobile.de\\\/en\\\/\",\"name\":\"einsAmobile.de\",\"description\":\"\",\"publisher\":{\"@id\":\"https:\\\/\\\/einsamobile.de\\\/en\\\/#organization\"},\"potentialAction\":[{\"@type\":\"SearchAction\",\"target\":{\"@type\":\"EntryPoint\",\"urlTemplate\":\"https:\\\/\\\/einsamobile.de\\\/en\\\/?s={search_term_string}\"},\"query-input\":{\"@type\":\"PropertyValueSpecification\",\"valueRequired\":true,\"valueName\":\"search_term_string\"}}],\"inLanguage\":\"en-US\"},{\"@type\":\"Organization\",\"@id\":\"https:\\\/\\\/einsamobile.de\\\/en\\\/#organization\",\"name\":\"einsAmobile GmbH\",\"url\":\"https:\\\/\\\/einsamobile.de\\\/en\\\/\",\"logo\":{\"@type\":\"ImageObject\",\"inLanguage\":\"en-US\",\"@id\":\"https:\\\/\\\/einsamobile.de\\\/en\\\/#\\\/schema\\\/logo\\\/image\\\/\",\"url\":\"http:\\\/\\\/94.130.235.74\\\/wp-content\\\/uploads\\\/2023\\\/02\\\/Logo-Slogan-regular-BG-PNG-500px.png\",\"contentUrl\":\"http:\\\/\\\/94.130.235.74\\\/wp-content\\\/uploads\\\/2023\\\/02\\\/Logo-Slogan-regular-BG-PNG-500px.png\",\"width\":500,\"height\":90,\"caption\":\"einsAmobile GmbH\"},\"image\":{\"@id\":\"https:\\\/\\\/einsamobile.de\\\/en\\\/#\\\/schema\\\/logo\\\/image\\\/\"},\"sameAs\":[\"https:\\\/\\\/www.facebook.com\\\/einsAmobile\\\/\",\"https:\\\/\\\/www.xing.com\\\/companies\\\/einsamobilegmbh\",\"https:\\\/\\\/www.instagram.com\\\/einsamobile\\\/\",\"https:\\\/\\\/www.linkedin.com\\\/company\\\/einsamobile-gmbh\\\/\"]},{\"@type\":\"Person\",\"@id\":\"https:\\\/\\\/einsamobile.de\\\/en\\\/#\\\/schema\\\/person\\\/74ec51f0bf20740e9c5d5f85ba219abe\",\"name\":\"master\",\"image\":{\"@type\":\"ImageObject\",\"inLanguage\":\"en-US\",\"@id\":\"https:\\\/\\\/secure.gravatar.com\\\/avatar\\\/8f1ebb15c07c0d823404840e2e9c6247c2e533c9c6039af148814fd2aa7412c4?s=96&d=mm&r=g\",\"url\":\"https:\\\/\\\/secure.gravatar.com\\\/avatar\\\/8f1ebb15c07c0d823404840e2e9c6247c2e533c9c6039af148814fd2aa7412c4?s=96&d=mm&r=g\",\"contentUrl\":\"https:\\\/\\\/secure.gravatar.com\\\/avatar\\\/8f1ebb15c07c0d823404840e2e9c6247c2e533c9c6039af148814fd2aa7412c4?s=96&d=mm&r=g\",\"caption\":\"master\"},\"sameAs\":[\"https:\\\/\\\/wpdev.einsamobile.de\"],\"url\":\"https:\\\/\\\/einsamobile.de\\\/en\\\/author\\\/master\\\/\"}]}<\/script>\n<!-- \/ Yoast SEO plugin. -->","yoast_head_json":{"title":"einsAmobile vermarktet im Fachhandel erste Discount-Flatrate - einsAmobile.de","robots":{"index":"noindex","follow":"follow"},"og_locale":"en_US","og_type":"article","og_title":"einsAmobile vermarktet im Fachhandel erste Discount-Flatrate - einsAmobile.de","og_description":"Der Obertshausener TK-Distributor einsAmobile nimmt den neuen Allnet-Flat Tarif der E-Plus-Marke blau.de ins Programm auf. Ab dem 05.06.2012 kann die Flatrate des Mobilfunkdiscounters auch im station\u00e4ren Handel gebucht werden. Damit erm\u00f6glicht einsAmobile ihren Fachhandelspartnern die Kunden anzusprechen, die dem direkten Kontakt zum Verk\u00e4ufer im Ladengesch\u00e4ft einer Online-Bestellung den Vorzug geben. Denn die Mehrheit der Endkunden ... Read more","og_url":"https:\/\/einsamobile.de\/en\/presse-archiv\/einsamobile-vermarktet-im-fachhandel-erste-discount-flatrate\/","og_site_name":"einsAmobile.de","article_publisher":"https:\/\/www.facebook.com\/einsAmobile\/","article_published_time":"2012-05-29T11:11:00+00:00","article_modified_time":"2023-08-04T11:11:13+00:00","author":"master","twitter_card":"summary_large_image","twitter_misc":{"Written by":"master","Est. reading time":"1 minute"},"schema":{"@context":"https:\/\/schema.org","@graph":[{"@type":"Article","@id":"https:\/\/einsamobile.de\/en\/presse-archiv\/einsamobile-vermarktet-im-fachhandel-erste-discount-flatrate\/#article","isPartOf":{"@id":"https:\/\/einsamobile.de\/en\/presse-archiv\/einsamobile-vermarktet-im-fachhandel-erste-discount-flatrate\/"},"author":{"name":"master","@id":"https:\/\/einsamobile.de\/en\/#\/schema\/person\/74ec51f0bf20740e9c5d5f85ba219abe"},"headline":"einsAmobile vermarktet im Fachhandel erste Discount-Flatrate","datePublished":"2012-05-29T11:11:00+00:00","dateModified":"2023-08-04T11:11:13+00:00","mainEntityOfPage":{"@id":"https:\/\/einsamobile.de\/en\/presse-archiv\/einsamobile-vermarktet-im-fachhandel-erste-discount-flatrate\/"},"wordCount":199,"publisher":{"@id":"https:\/\/einsamobile.de\/en\/#organization"},"articleSection":["Presse-Archiv"],"inLanguage":"en-US"},{"@type":"WebPage","@id":"https:\/\/einsamobile.de\/en\/presse-archiv\/einsamobile-vermarktet-im-fachhandel-erste-discount-flatrate\/","url":"https:\/\/einsamobile.de\/en\/presse-archiv\/einsamobile-vermarktet-im-fachhandel-erste-discount-flatrate\/","name":"einsAmobile vermarktet im Fachhandel erste Discount-Flatrate - einsAmobile.de","isPartOf":{"@id":"https:\/\/einsamobile.de\/en\/#website"},"datePublished":"2012-05-29T11:11:00+00:00","dateModified":"2023-08-04T11:11:13+00:00","breadcrumb":{"@id":"https:\/\/einsamobile.de\/en\/presse-archiv\/einsamobile-vermarktet-im-fachhandel-erste-discount-flatrate\/#breadcrumb"},"inLanguage":"en-US","potentialAction":[{"@type":"ReadAction","target":["https:\/\/einsamobile.de\/en\/presse-archiv\/einsamobile-vermarktet-im-fachhandel-erste-discount-flatrate\/"]}]},{"@type":"BreadcrumbList","@id":"https:\/\/einsamobile.de\/en\/presse-archiv\/einsamobile-vermarktet-im-fachhandel-erste-discount-flatrate\/#breadcrumb","itemListElement":[{"@type":"ListItem","position":1,"name":"Startseite","item":"https:\/\/einsamobile.de\/en\/"},{"@type":"ListItem","position":2,"name":"einsAmobile vermarktet im Fachhandel erste Discount-Flatrate"}]},{"@type":"WebSite","@id":"https:\/\/einsamobile.de\/en\/#website","url":"https:\/\/einsamobile.de\/en\/","name":"einsAmobile.de","description":"","publisher":{"@id":"https:\/\/einsamobile.de\/en\/#organization"},"potentialAction":[{"@type":"SearchAction","target":{"@type":"EntryPoint","urlTemplate":"https:\/\/einsamobile.de\/en\/?s={search_term_string}"},"query-input":{"@type":"PropertyValueSpecification","valueRequired":true,"valueName":"search_term_string"}}],"inLanguage":"en-US"},{"@type":"Organization","@id":"https:\/\/einsamobile.de\/en\/#organization","name":"einsAmobile GmbH","url":"https:\/\/einsamobile.de\/en\/","logo":{"@type":"ImageObject","inLanguage":"en-US","@id":"https:\/\/einsamobile.de\/en\/#\/schema\/logo\/image\/","url":"http:\/\/94.130.235.74\/wp-content\/uploads\/2023\/02\/Logo-Slogan-regular-BG-PNG-500px.png","contentUrl":"http:\/\/94.130.235.74\/wp-content\/uploads\/2023\/02\/Logo-Slogan-regular-BG-PNG-500px.png","width":500,"height":90,"caption":"einsAmobile GmbH"},"image":{"@id":"https:\/\/einsamobile.de\/en\/#\/schema\/logo\/image\/"},"sameAs":["https:\/\/www.facebook.com\/einsAmobile\/","https:\/\/www.xing.com\/companies\/einsamobilegmbh","https:\/\/www.instagram.com\/einsamobile\/","https:\/\/www.linkedin.com\/company\/einsamobile-gmbh\/"]},{"@type":"Person","@id":"https:\/\/einsamobile.de\/en\/#\/schema\/person\/74ec51f0bf20740e9c5d5f85ba219abe","name":"master","image":{"@type":"ImageObject","inLanguage":"en-US","@id":"https:\/\/secure.gravatar.com\/avatar\/8f1ebb15c07c0d823404840e2e9c6247c2e533c9c6039af148814fd2aa7412c4?s=96&d=mm&r=g","url":"https:\/\/secure.gravatar.com\/avatar\/8f1ebb15c07c0d823404840e2e9c6247c2e533c9c6039af148814fd2aa7412c4?s=96&d=mm&r=g","contentUrl":"https:\/\/secure.gravatar.com\/avatar\/8f1ebb15c07c0d823404840e2e9c6247c2e533c9c6039af148814fd2aa7412c4?s=96&d=mm&r=g","caption":"master"},"sameAs":["https:\/\/wpdev.einsamobile.de"],"url":"https:\/\/einsamobile.de\/en\/author\/master\/"}]}},"_links":{"self":[{"href":"https:\/\/einsamobile.de\/en\/wp-json\/wp\/v2\/posts\/3112","targetHints":{"allow":["GET"]}}],"collection":[{"href":"https:\/\/einsamobile.de\/en\/wp-json\/wp\/v2\/posts"}],"about":[{"href":"https:\/\/einsamobile.de\/en\/wp-json\/wp\/v2\/types\/post"}],"author":[{"embeddable":true,"href":"https:\/\/einsamobile.de\/en\/wp-json\/wp\/v2\/users\/1"}],"replies":[{"embeddable":true,"href":"https:\/\/einsamobile.de\/en\/wp-json\/wp\/v2\/comments?post=3112"}],"version-history":[{"count":1,"href":"https:\/\/einsamobile.de\/en\/wp-json\/wp\/v2\/posts\/3112\/revisions"}],"predecessor-version":[{"id":3114,"href":"https:\/\/einsamobile.de\/en\/wp-json\/wp\/v2\/posts\/3112\/revisions\/3114"}],"wp:attachment":[{"href":"https:\/\/einsamobile.de\/en\/wp-json\/wp\/v2\/media?parent=3112"}],"wp:term":[{"taxonomy":"category","embeddable":true,"href":"https:\/\/einsamobile.de\/en\/wp-json\/wp\/v2\/categories?post=3112"},{"taxonomy":"post_tag","embeddable":true,"href":"https:\/\/einsamobile.de\/en\/wp-json\/wp\/v2\/tags?post=3112"}],"curies":[{"name":"wp","href":"https:\/\/api.w.org\/{rel}","templated":true}]}}